{"id":2470,"date":"2011-10-03T19:37:51","date_gmt":"2011-10-03T17:37:51","guid":{"rendered":"http:\/\/ae.napisal.pl\/?p=470"},"modified":"2011-10-06T15:45:27","modified_gmt":"2011-10-06T13:45:27","slug":"informacja-o-pracach-spolecznych-2011","status":"publish","type":"post","link":"http:\/\/aeroklubelblaski.pl\/index.php\/2011\/10\/03\/informacja-o-pracach-spolecznych-2011\/","title":{"rendered":"Informacja o pracach spo\u0142ecznych 2011"},"content":{"rendered":"<p>Cz\u0142onkowie AE wykonuj\u0105cy loty w sezonie 2011, proszeni s\u0105 o niezw\u0142oczne uzupe\u0142nienie wpis\u00f3w za wypracowane godziny, w celu rozliczenia prac spo\u0142ecznych lub uregulowanie nale\u017cno\u015bci. Pozdrawiam<\/p>\n","protected":false},"excerpt":{"rendered":"<p>Cz\u0142onkowie AE wykonuj\u0105cy loty w sezonie 2011, proszeni s\u0105 o niezw\u0142oczne uzupe\u0142nienie wpis\u00f3w za wypracowane godziny, w celu rozliczenia prac spo\u0142ecznych lub uregulowanie nale\u017cno\u015bci. Pozdrawiam<\/p>\n","protected":false},"author":4,"featured_media":0,"comment_status":"closed","ping_status":"open","sticky":false,"template":"","format":"standard","meta":{"_et_pb_use_builder":"","_et_pb_old_content":"","_et_gb_content_width":""},"categories":[],"tags":[],"_links":{"self":[{"href":"http:\/\/aeroklubelblaski.pl\/index.php\/wp-json\/wp\/v2\/posts\/2470"}],"collection":[{"href":"http:\/\/aeroklubelblaski.pl\/index.php\/wp-json\/wp\/v2\/posts"}],"about":[{"href":"http:\/\/aeroklubelblaski.pl\/index.php\/wp-json\/wp\/v2\/types\/post"}],"author":[{"embeddable":true,"href":"http:\/\/aeroklubelblaski.pl\/index.php\/wp-json\/wp\/v2\/users\/4"}],"replies":[{"embeddable":true,"href":"http:\/\/aeroklubelblaski.pl\/index.php\/wp-json\/wp\/v2\/comments?post=2470"}],"version-history":[{"count":0,"href":"http:\/\/aeroklubelblaski.pl\/index.php\/wp-json\/wp\/v2\/posts\/2470\/revisions"}],"wp:attachment":[{"href":"http:\/\/aeroklubelblaski.pl\/index.php\/wp-json\/wp\/v2\/media?parent=2470"}],"wp:term":[{"taxonomy":"category","embeddable":true,"href":"http:\/\/aeroklubelblaski.pl\/index.php\/wp-json\/wp\/v2\/categories?post=2470"},{"taxonomy":"post_tag","embeddable":true,"href":"http:\/\/aeroklubelblaski.pl\/index.php\/wp-json\/wp\/v2\/tags?post=2470"}],"curies":[{"name":"wp","href":"https:\/\/api.w.org\/{rel}","templated":true}]}}