{"id":2187,"date":"2006-08-21T18:48:37","date_gmt":"2006-08-21T16:48:37","guid":{"rendered":"http:\/\/ae.napisal.pl\/?p=187"},"modified":"2011-09-19T09:31:11","modified_gmt":"2011-09-19T07:31:11","slug":"oboz-w-gryzlinach","status":"publish","type":"post","link":"http:\/\/aeroklubelblaski.pl\/index.php\/2006\/08\/21\/oboz-w-gryzlinach\/","title":{"rendered":"Ob\u00f3z w Gry\u017alinach"},"content":{"rendered":"<p><img loading=\"lazy\" class=\"alignleft size-thumbnail wp-image-188\" title=\"20060821185021ld\" src=\"http:\/\/ae.napisal.pl\/wp-content\/uploads\/2011\/09\/20060821185021ld-150x150.jpg\" alt=\"\" width=\"150\" height=\"150\" \/><\/p>\n<p>W zwi\u0105zku z niesprzyjaj\u0105c\u0105 pogod\u0105 lotnicz\u0105 w Elbl\u0105gu odby\u0142 si\u0119 dwutygodniowy szybowcowy ob\u00f3z w miejscowo\u015bci Gry\u017aliny k. Olsztynka.<\/p>\n<p>Niestety poniewa\u017c i tam pogoda niezbyt sprzyja\u0142a ch\u0142opaki latali g\u0142\u00f3wnie po lotnisku lub miedzy lotniskiem a polem namiotowym na ktorym biwakowali.<\/p>\n<p>W sumie wyst\u0105pi\u0142y tylko cztery dni lotne po dwa przypadaj\u0105ce na pierwszy i drugi tydzie\u0144 obozu. Zdecydowanie nie by\u0142o to tyle ile \u017cyczyliby sobie uczestnicy.<\/p>\n<p>Zdj\u0119cia z obozu znajduj\u0105 sie w galerii<\/p>\n","protected":false},"excerpt":{"rendered":"<p>W zwi\u0105zku z niesprzyjaj\u0105c\u0105 pogod\u0105 lotnicz\u0105 w Elbl\u0105gu odby\u0142 si\u0119 dwutygodniowy szybowcowy ob\u00f3z w miejscowo\u015bci Gry\u017aliny k. Olsztynka. Niestety poniewa\u017c i tam pogoda niezbyt sprzyja\u0142a ch\u0142opaki latali g\u0142\u00f3wnie po lotnisku lub miedzy lotniskiem a polem namiotowym na ktorym biwakowali. W sumie wyst\u0105pi\u0142y tylko cztery dni lotne po dwa przypadaj\u0105ce na pierwszy i drugi tydzie\u0144 obozu. [&hellip;]<\/p>\n","protected":false},"author":4,"featured_media":0,"comment_status":"closed","ping_status":"open","sticky":false,"template":"","format":"standard","meta":{"_et_pb_use_builder":"","_et_pb_old_content":"","_et_gb_content_width":""},"categories":[],"tags":[],"_links":{"self":[{"href":"http:\/\/aeroklubelblaski.pl\/index.php\/wp-json\/wp\/v2\/posts\/2187"}],"collection":[{"href":"http:\/\/aeroklubelblaski.pl\/index.php\/wp-json\/wp\/v2\/posts"}],"about":[{"href":"http:\/\/aeroklubelblaski.pl\/index.php\/wp-json\/wp\/v2\/types\/post"}],"author":[{"embeddable":true,"href":"http:\/\/aeroklubelblaski.pl\/index.php\/wp-json\/wp\/v2\/users\/4"}],"replies":[{"embeddable":true,"href":"http:\/\/aeroklubelblaski.pl\/index.php\/wp-json\/wp\/v2\/comments?post=2187"}],"version-history":[{"count":0,"href":"http:\/\/aeroklubelblaski.pl\/index.php\/wp-json\/wp\/v2\/posts\/2187\/revisions"}],"wp:attachment":[{"href":"http:\/\/aeroklubelblaski.pl\/index.php\/wp-json\/wp\/v2\/media?parent=2187"}],"wp:term":[{"taxonomy":"category","embeddable":true,"href":"http:\/\/aeroklubelblaski.pl\/index.php\/wp-json\/wp\/v2\/categories?post=2187"},{"taxonomy":"post_tag","embeddable":true,"href":"http:\/\/aeroklubelblaski.pl\/index.php\/wp-json\/wp\/v2\/tags?post=2187"}],"curies":[{"name":"wp","href":"https:\/\/api.w.org\/{rel}","templated":true}]}}