{"id":2185,"date":"2006-08-22T11:50:25","date_gmt":"2006-08-22T09:50:25","guid":{"rendered":"http:\/\/ae.napisal.pl\/?p=185"},"modified":"2011-09-19T09:29:35","modified_gmt":"2011-09-19T07:29:35","slug":"zawody-samolotowe-5","status":"publish","type":"post","link":"http:\/\/aeroklubelblaski.pl\/index.php\/2006\/08\/22\/zawody-samolotowe-5\/","title":{"rendered":"Zawody samolotowe"},"content":{"rendered":"<p>Rozegrali\u015bmy kolejne, ju\u017c\u00a0VI Zawody Samolotowe o Puchar Prezydenta Miasta Elbl\u0105ga. W pierwszym dniu konkurencji nawigacyjnej, w pi\u0105tek 1 wrze\u015bnia, za\u0142ogi wyruszy\u0142y na tras\u0119 po \u017bu\u0142awach. Niespodziewanie w okolicach Stegny rozwin\u0105\u0142 si\u0119 Cumulonimbus z silnym opadem deszczu i\u00a0samoloty musia\u0142y zawr\u00f3ci\u0107 na lotnisko. W sobot\u0119, po porannych mg\u0142ach, pogoda umo\u017cliwi\u0142a wykonanie drugiej trasy nawigacyjnej i konkurencji l\u0105dowa\u0144. Trasa wiod\u0142a po Wysoczy\u017anie Elbl\u0105skiej i wiele za\u0142\u00f3g mia\u0142o problemy z utrzymaniem si\u0119 na &#8222;kresce&#8221;. Wszyscy trafili jednak na lotnisko i po podliczeniu wynik\u00f3w najlepsi byli:<\/p>\n<ol>\n<li>Maciej Lasek- W\u0142odarczyk Bogdan (Cessna 152)<\/li>\n<li>D\u0105bkowski Grzegorz- Wawryszuk Tomasz (Cessna 150)<\/li>\n<li>Tomczy\u0144ski Maciej- Weso\u0142owski Mariusz (Cessna 150)<\/li>\n<\/ol>\n<p>W zawodach startowa\u0142o 11 za\u0142\u00f3g z\u00a0Elbl\u0105ga i jedna z Aeroklubu Gda\u0144skiego.<\/p>\n<p>W niedziel\u0119 wr\u0119czono puchary i dyplomy, jak r\u00f3wnie\u017c odby\u0142 si\u0119 Festyn lotniczy &#8222;Po\u017cegnanie lata z Barkasem&#8221;. Mimo zmiennej pogody, w festynie\u00a0uczestniczy\u0142o wielu elbl\u0105\u017can a wi\u0119kszo\u015b\u0107 z zaplanowanych atrakcji uda\u0142o si\u0119 przeprowadzi\u0107.<\/p>\n<p>Zdj\u0119cia z imprezy do obejrzenia w galerii.<\/p>\n","protected":false},"excerpt":{"rendered":"<p>Rozegrali\u015bmy kolejne, ju\u017c\u00a0VI Zawody Samolotowe o Puchar Prezydenta Miasta Elbl\u0105ga. W pierwszym dniu konkurencji nawigacyjnej, w pi\u0105tek 1 wrze\u015bnia, za\u0142ogi wyruszy\u0142y na tras\u0119 po \u017bu\u0142awach. Niespodziewanie w okolicach Stegny rozwin\u0105\u0142 si\u0119 Cumulonimbus z silnym opadem deszczu i\u00a0samoloty musia\u0142y zawr\u00f3ci\u0107 na lotnisko. W sobot\u0119, po porannych mg\u0142ach, pogoda umo\u017cliwi\u0142a wykonanie drugiej trasy nawigacyjnej i konkurencji l\u0105dowa\u0144. [&hellip;]<\/p>\n","protected":false},"author":4,"featured_media":0,"comment_status":"closed","ping_status":"open","sticky":false,"template":"","format":"standard","meta":{"_et_pb_use_builder":"","_et_pb_old_content":"","_et_gb_content_width":""},"categories":[],"tags":[],"_links":{"self":[{"href":"http:\/\/aeroklubelblaski.pl\/index.php\/wp-json\/wp\/v2\/posts\/2185"}],"collection":[{"href":"http:\/\/aeroklubelblaski.pl\/index.php\/wp-json\/wp\/v2\/posts"}],"about":[{"href":"http:\/\/aeroklubelblaski.pl\/index.php\/wp-json\/wp\/v2\/types\/post"}],"author":[{"embeddable":true,"href":"http:\/\/aeroklubelblaski.pl\/index.php\/wp-json\/wp\/v2\/users\/4"}],"replies":[{"embeddable":true,"href":"http:\/\/aeroklubelblaski.pl\/index.php\/wp-json\/wp\/v2\/comments?post=2185"}],"version-history":[{"count":0,"href":"http:\/\/aeroklubelblaski.pl\/index.php\/wp-json\/wp\/v2\/posts\/2185\/revisions"}],"wp:attachment":[{"href":"http:\/\/aeroklubelblaski.pl\/index.php\/wp-json\/wp\/v2\/media?parent=2185"}],"wp:term":[{"taxonomy":"category","embeddable":true,"href":"http:\/\/aeroklubelblaski.pl\/index.php\/wp-json\/wp\/v2\/categories?post=2185"},{"taxonomy":"post_tag","embeddable":true,"href":"http:\/\/aeroklubelblaski.pl\/index.php\/wp-json\/wp\/v2\/tags?post=2185"}],"curies":[{"name":"wp","href":"https:\/\/api.w.org\/{rel}","templated":true}]}}