{"id":2183,"date":"2006-09-23T10:31:37","date_gmt":"2006-09-23T08:31:37","guid":{"rendered":"http:\/\/ae.napisal.pl\/?p=183"},"modified":"2011-09-19T09:28:22","modified_gmt":"2011-09-19T07:28:22","slug":"o-obchodach-50-lecia-aeroklubu-elblaskiego","status":"publish","type":"post","link":"http:\/\/aeroklubelblaski.pl\/index.php\/2006\/09\/23\/o-obchodach-50-lecia-aeroklubu-elblaskiego\/","title":{"rendered":"O obchodach 50-lecia Aeroklubu Elbl\u0105skiego"},"content":{"rendered":"<p>W nadchodz\u0105cym roku 2007 Aeroklub Elbl\u0105ski obchodzi\u0107 b\u0119dzie 50-lecie istnienia.<br \/>\nZ tej okazji s\u0105 przewidziane imprezy i spotkania.<\/p>\n<p>Ramowy program o obchodach<\/p>\n<p>1. Maj 2007 &#8211; otwarta konferencja prasowa po\u015bwi\u0119cona historii AE oraz informacji dotycz\u0105cej programu obchod\u00f3w.<\/p>\n<p>2. 15 Lipiec 2007 &#8211; Festyn Lotniczy z okazji 50 lecia Aeroklubu Elbl\u0105skiego<\/p>\n<p>3. Pa\u017adziernik 2007 &#8211; konferencja naukowa<br \/>\n&#8211; referaty<br \/>\n&#8211; odznaczenia<br \/>\n&#8211; spotkanie senior\u00f3w<br \/>\n&#8211; podsumowanie i oficjalne zako\u0144czenie obchod\u00f3w<\/p>\n<p>4. Imprezy wype\u0142niaj\u0105ce<br \/>\n&#8211; Udzia\u0142 w obchodach Dni Elbl\u0105ga<br \/>\n&#8211; Pikniki Lotnicze<br \/>\n&#8211; Zawody samolotowe o Puchar Prezydenta Miasta Elbl\u0105ga<br \/>\n&#8211; Zawody Szybowcowe<\/p>\n","protected":false},"excerpt":{"rendered":"<p>W nadchodz\u0105cym roku 2007 Aeroklub Elbl\u0105ski obchodzi\u0107 b\u0119dzie 50-lecie istnienia. Z tej okazji s\u0105 przewidziane imprezy i spotkania. Ramowy program o obchodach 1. Maj 2007 &#8211; otwarta konferencja prasowa po\u015bwi\u0119cona historii AE oraz informacji dotycz\u0105cej programu obchod\u00f3w. 2. 15 Lipiec 2007 &#8211; Festyn Lotniczy z okazji 50 lecia Aeroklubu Elbl\u0105skiego 3. Pa\u017adziernik 2007 &#8211; konferencja [&hellip;]<\/p>\n","protected":false},"author":4,"featured_media":0,"comment_status":"closed","ping_status":"open","sticky":false,"template":"","format":"standard","meta":{"_et_pb_use_builder":"","_et_pb_old_content":"","_et_gb_content_width":""},"categories":[],"tags":[],"_links":{"self":[{"href":"http:\/\/aeroklubelblaski.pl\/index.php\/wp-json\/wp\/v2\/posts\/2183"}],"collection":[{"href":"http:\/\/aeroklubelblaski.pl\/index.php\/wp-json\/wp\/v2\/posts"}],"about":[{"href":"http:\/\/aeroklubelblaski.pl\/index.php\/wp-json\/wp\/v2\/types\/post"}],"author":[{"embeddable":true,"href":"http:\/\/aeroklubelblaski.pl\/index.php\/wp-json\/wp\/v2\/users\/4"}],"replies":[{"embeddable":true,"href":"http:\/\/aeroklubelblaski.pl\/index.php\/wp-json\/wp\/v2\/comments?post=2183"}],"version-history":[{"count":0,"href":"http:\/\/aeroklubelblaski.pl\/index.php\/wp-json\/wp\/v2\/posts\/2183\/revisions"}],"wp:attachment":[{"href":"http:\/\/aeroklubelblaski.pl\/index.php\/wp-json\/wp\/v2\/media?parent=2183"}],"wp:term":[{"taxonomy":"category","embeddable":true,"href":"http:\/\/aeroklubelblaski.pl\/index.php\/wp-json\/wp\/v2\/categories?post=2183"},{"taxonomy":"post_tag","embeddable":true,"href":"http:\/\/aeroklubelblaski.pl\/index.php\/wp-json\/wp\/v2\/tags?post=2183"}],"curies":[{"name":"wp","href":"https:\/\/api.w.org\/{rel}","templated":true}]}}