{"id":2179,"date":"2007-08-26T14:41:22","date_gmt":"2007-08-26T12:41:22","guid":{"rendered":"http:\/\/ae.napisal.pl\/?p=179"},"modified":"2011-09-19T09:26:45","modified_gmt":"2011-09-19T07:26:45","slug":"zawody-samolotowe-4","status":"publish","type":"post","link":"http:\/\/aeroklubelblaski.pl\/index.php\/2007\/08\/26\/zawody-samolotowe-4\/","title":{"rendered":"Zawody samolotowe"},"content":{"rendered":"<p>Jak co roku, w pierwszy weekend wrze\u015bnia,\u00a0rozegrali\u015bmy Klubowe Zawody Samolotowe o Puchar Prezydenta Miasta Elbl\u0105ga. Do rywalizacji zg\u0142osi\u0142o si\u0119 10 za\u0142\u00f3g w sk\u0142adzie pilot i nawigator.\u00a0Pogoda pozwoli\u0142a rozegra\u0107 dwie konkurencje nawigacyjne i konkurencj\u0119 l\u0105dowa\u0144.\u00a0Tradycyjnie najlepszym okaza\u0142 si\u0119 pilot Maciej Lasek lataj\u0105cy tym razem ze swoim\u00a0synem Paw\u0142em.\u00a0Nast\u0119pne miejsca zaj\u0119li Grzegorz D\u0105bkowski z Tomaszem Wawryszukiem i\u00a0debiutant w zawodach\u00a0Sebastian Jab\u0142o\u0144ski z Paw\u0142em G\u00f3r\u0105. W konkurencji l\u0105dowa\u0144 bezkonkurencyjny okaza\u0142 si\u0119 Jacenty Zych.<\/p>\n","protected":false},"excerpt":{"rendered":"<p>Jak co roku, w pierwszy weekend wrze\u015bnia,\u00a0rozegrali\u015bmy Klubowe Zawody Samolotowe o Puchar Prezydenta Miasta Elbl\u0105ga. Do rywalizacji zg\u0142osi\u0142o si\u0119 10 za\u0142\u00f3g w sk\u0142adzie pilot i nawigator.\u00a0Pogoda pozwoli\u0142a rozegra\u0107 dwie konkurencje nawigacyjne i konkurencj\u0119 l\u0105dowa\u0144.\u00a0Tradycyjnie najlepszym okaza\u0142 si\u0119 pilot Maciej Lasek lataj\u0105cy tym razem ze swoim\u00a0synem Paw\u0142em.\u00a0Nast\u0119pne miejsca zaj\u0119li Grzegorz D\u0105bkowski z Tomaszem Wawryszukiem i\u00a0debiutant w [&hellip;]<\/p>\n","protected":false},"author":4,"featured_media":0,"comment_status":"closed","ping_status":"open","sticky":false,"template":"","format":"standard","meta":{"_et_pb_use_builder":"","_et_pb_old_content":"","_et_gb_content_width":""},"categories":[],"tags":[],"_links":{"self":[{"href":"http:\/\/aeroklubelblaski.pl\/index.php\/wp-json\/wp\/v2\/posts\/2179"}],"collection":[{"href":"http:\/\/aeroklubelblaski.pl\/index.php\/wp-json\/wp\/v2\/posts"}],"about":[{"href":"http:\/\/aeroklubelblaski.pl\/index.php\/wp-json\/wp\/v2\/types\/post"}],"author":[{"embeddable":true,"href":"http:\/\/aeroklubelblaski.pl\/index.php\/wp-json\/wp\/v2\/users\/4"}],"replies":[{"embeddable":true,"href":"http:\/\/aeroklubelblaski.pl\/index.php\/wp-json\/wp\/v2\/comments?post=2179"}],"version-history":[{"count":0,"href":"http:\/\/aeroklubelblaski.pl\/index.php\/wp-json\/wp\/v2\/posts\/2179\/revisions"}],"wp:attachment":[{"href":"http:\/\/aeroklubelblaski.pl\/index.php\/wp-json\/wp\/v2\/media?parent=2179"}],"wp:term":[{"taxonomy":"category","embeddable":true,"href":"http:\/\/aeroklubelblaski.pl\/index.php\/wp-json\/wp\/v2\/categories?post=2179"},{"taxonomy":"post_tag","embeddable":true,"href":"http:\/\/aeroklubelblaski.pl\/index.php\/wp-json\/wp\/v2\/tags?post=2179"}],"curies":[{"name":"wp","href":"https:\/\/api.w.org\/{rel}","templated":true}]}}