{"id":2175,"date":"2008-08-25T15:30:54","date_gmt":"2008-08-25T13:30:54","guid":{"rendered":"http:\/\/ae.napisal.pl\/?p=175"},"modified":"2011-09-19T09:23:06","modified_gmt":"2011-09-19T07:23:06","slug":"zawody-samolotowe-3","status":"publish","type":"post","link":"http:\/\/aeroklubelblaski.pl\/index.php\/2008\/08\/25\/zawody-samolotowe-3\/","title":{"rendered":"Zawody samolotowe"},"content":{"rendered":"<p>W ostatni weekend sierpnia\u00a0rozegrali\u015bmy VIII Klubowe Zawody Samolotowe o Puchar Marsza\u0142ka Wojew\u00f3dztwa Warmi\u0144sko- Mazurskiego. Zawodnicy po pr\u00f3bie planowania lotu mieli do wykonania dwie trasy nawigacyjne o d\u0142ugo\u015bci 120 km, na kt\u00f3rych\u00a0starali si\u0119\u00a0zidentyfikowa\u0107 obiekty ze zdj\u0119\u0107 i roz\u0142o\u017cone w terenie p\u0142\u00f3cienne znaki.\u00a0Odby\u0142a si\u0119 r\u00f3wnie\u017c pr\u00f3ba l\u0105dowania na celno\u015b\u0107. Pogoda dopisa\u0142a, wi\u0119c wszystkie za\u0142ogi planowo powr\u00f3ci\u0142y ze\u00a0swoich tras.<\/p>\n<p>Najlepsze okaza\u0142y si\u0119 za\u0142ogi w sk\u0142adzie:<\/p>\n<ol>\n<li>Piotr Koper, Szymon Wieczorek\u00a0&#8211;\u00a0Warszawa<\/li>\n<li>Sebastian Jab\u0142o\u0144ski, Pawe\u0142 G\u00f3ra\u00a0&#8211;\u00a0 Aeroklub Elbl\u0105ski<\/li>\n<li>Maciej Lenartowicz, Maciej Tomczy\u0144ski &#8211; Aeroklub Elbl\u0105ski<\/li>\n<\/ol>\n","protected":false},"excerpt":{"rendered":"<p>W ostatni weekend sierpnia\u00a0rozegrali\u015bmy VIII Klubowe Zawody Samolotowe o Puchar Marsza\u0142ka Wojew\u00f3dztwa Warmi\u0144sko- Mazurskiego. Zawodnicy po pr\u00f3bie planowania lotu mieli do wykonania dwie trasy nawigacyjne o d\u0142ugo\u015bci 120 km, na kt\u00f3rych\u00a0starali si\u0119\u00a0zidentyfikowa\u0107 obiekty ze zdj\u0119\u0107 i roz\u0142o\u017cone w terenie p\u0142\u00f3cienne znaki.\u00a0Odby\u0142a si\u0119 r\u00f3wnie\u017c pr\u00f3ba l\u0105dowania na celno\u015b\u0107. Pogoda dopisa\u0142a, wi\u0119c wszystkie za\u0142ogi planowo powr\u00f3ci\u0142y ze\u00a0swoich [&hellip;]<\/p>\n","protected":false},"author":4,"featured_media":0,"comment_status":"closed","ping_status":"open","sticky":false,"template":"","format":"standard","meta":{"_et_pb_use_builder":"","_et_pb_old_content":"","_et_gb_content_width":""},"categories":[],"tags":[],"_links":{"self":[{"href":"http:\/\/aeroklubelblaski.pl\/index.php\/wp-json\/wp\/v2\/posts\/2175"}],"collection":[{"href":"http:\/\/aeroklubelblaski.pl\/index.php\/wp-json\/wp\/v2\/posts"}],"about":[{"href":"http:\/\/aeroklubelblaski.pl\/index.php\/wp-json\/wp\/v2\/types\/post"}],"author":[{"embeddable":true,"href":"http:\/\/aeroklubelblaski.pl\/index.php\/wp-json\/wp\/v2\/users\/4"}],"replies":[{"embeddable":true,"href":"http:\/\/aeroklubelblaski.pl\/index.php\/wp-json\/wp\/v2\/comments?post=2175"}],"version-history":[{"count":0,"href":"http:\/\/aeroklubelblaski.pl\/index.php\/wp-json\/wp\/v2\/posts\/2175\/revisions"}],"wp:attachment":[{"href":"http:\/\/aeroklubelblaski.pl\/index.php\/wp-json\/wp\/v2\/media?parent=2175"}],"wp:term":[{"taxonomy":"category","embeddable":true,"href":"http:\/\/aeroklubelblaski.pl\/index.php\/wp-json\/wp\/v2\/categories?post=2175"},{"taxonomy":"post_tag","embeddable":true,"href":"http:\/\/aeroklubelblaski.pl\/index.php\/wp-json\/wp\/v2\/tags?post=2175"}],"curies":[{"name":"wp","href":"https:\/\/api.w.org\/{rel}","templated":true}]}}