{"id":2173,"date":"2009-02-25T10:23:19","date_gmt":"2009-02-25T08:23:19","guid":{"rendered":"http:\/\/ae.napisal.pl\/?p=173"},"modified":"2011-09-19T09:21:52","modified_gmt":"2011-09-19T07:21:52","slug":"konferencja-lotno-techniczna","status":"publish","type":"post","link":"http:\/\/aeroklubelblaski.pl\/index.php\/2009\/02\/25\/konferencja-lotno-techniczna\/","title":{"rendered":"Konferencja lotno-techniczna"},"content":{"rendered":"<p>W niedziel\u0119 15 marca 2009 r. o godz. 11 planowana jest Konferencja lotno-techniczna dla pilot\u00f3w Aeroklubu Elbl\u0105skiego. Om\u00f3wione zostan\u0105 zagadnienia zwi\u0105zane z bezpiecze\u0144stwem lot\u00f3w, jak r\u00f3wnie\u017c odb\u0119d\u0105 si\u0119 egzaminy Kontroli Wiadomo\u015bci Teoretycznych.<\/p>\n","protected":false},"excerpt":{"rendered":"<p>W niedziel\u0119 15 marca 2009 r. o godz. 11 planowana jest Konferencja lotno-techniczna dla pilot\u00f3w Aeroklubu Elbl\u0105skiego. Om\u00f3wione zostan\u0105 zagadnienia zwi\u0105zane z bezpiecze\u0144stwem lot\u00f3w, jak r\u00f3wnie\u017c odb\u0119d\u0105 si\u0119 egzaminy Kontroli Wiadomo\u015bci Teoretycznych.<\/p>\n","protected":false},"author":4,"featured_media":0,"comment_status":"closed","ping_status":"open","sticky":false,"template":"","format":"standard","meta":{"_et_pb_use_builder":"","_et_pb_old_content":"","_et_gb_content_width":""},"categories":[],"tags":[],"_links":{"self":[{"href":"http:\/\/aeroklubelblaski.pl\/index.php\/wp-json\/wp\/v2\/posts\/2173"}],"collection":[{"href":"http:\/\/aeroklubelblaski.pl\/index.php\/wp-json\/wp\/v2\/posts"}],"about":[{"href":"http:\/\/aeroklubelblaski.pl\/index.php\/wp-json\/wp\/v2\/types\/post"}],"author":[{"embeddable":true,"href":"http:\/\/aeroklubelblaski.pl\/index.php\/wp-json\/wp\/v2\/users\/4"}],"replies":[{"embeddable":true,"href":"http:\/\/aeroklubelblaski.pl\/index.php\/wp-json\/wp\/v2\/comments?post=2173"}],"version-history":[{"count":0,"href":"http:\/\/aeroklubelblaski.pl\/index.php\/wp-json\/wp\/v2\/posts\/2173\/revisions"}],"wp:attachment":[{"href":"http:\/\/aeroklubelblaski.pl\/index.php\/wp-json\/wp\/v2\/media?parent=2173"}],"wp:term":[{"taxonomy":"category","embeddable":true,"href":"http:\/\/aeroklubelblaski.pl\/index.php\/wp-json\/wp\/v2\/categories?post=2173"},{"taxonomy":"post_tag","embeddable":true,"href":"http:\/\/aeroklubelblaski.pl\/index.php\/wp-json\/wp\/v2\/tags?post=2173"}],"curies":[{"name":"wp","href":"https:\/\/api.w.org\/{rel}","templated":true}]}}