{"id":2171,"date":"2009-02-25T10:37:38","date_gmt":"2009-02-25T08:37:38","guid":{"rendered":"http:\/\/ae.napisal.pl\/?p=171"},"modified":"2011-09-19T09:21:16","modified_gmt":"2011-09-19T07:21:16","slug":"szkolenie-samolotowe","status":"publish","type":"post","link":"http:\/\/aeroklubelblaski.pl\/index.php\/2009\/02\/25\/szkolenie-samolotowe\/","title":{"rendered":"Szkolenie samolotowe"},"content":{"rendered":"<p>Rozpoczynamy wiosenne szkolenie do Licencji Pilota Samolotowego Turystycznego PPL(A). Zaj\u0119cia teoretyczne\u00a0rozpoczn\u0105\u00a0si\u0119 w sobot\u0119 28\u00a0marca 2009 i potrwaj\u0105\u00a0po\u0142owy maja. Po uko\u0144czeniu teorii szkolenie w powietrzu na samolocie Cessna 150 obejmuj\u0105ce 45 godzin lot\u00f3w szkoleniowych. Zapisy w dziale szkolenia Aeroklubu do 15 marca.<\/p>\n<p>tel 0 55 233 44 10, 0 880 291 470,\u00a0 e mail\u00a0<a href=\"mailto:aeroklub.elblag@wp.pl\">aeroklub.elblag@wp.pl<\/a><\/p>\n","protected":false},"excerpt":{"rendered":"<p>Rozpoczynamy wiosenne szkolenie do Licencji Pilota Samolotowego Turystycznego PPL(A). Zaj\u0119cia teoretyczne\u00a0rozpoczn\u0105\u00a0si\u0119 w sobot\u0119 28\u00a0marca 2009 i potrwaj\u0105\u00a0po\u0142owy maja. Po uko\u0144czeniu teorii szkolenie w powietrzu na samolocie Cessna 150 obejmuj\u0105ce 45 godzin lot\u00f3w szkoleniowych. Zapisy w dziale szkolenia Aeroklubu do 15 marca. tel 0 55 233 44 10, 0 880 291 470,\u00a0 e mail\u00a0aeroklub.elblag@wp.pl<\/p>\n","protected":false},"author":4,"featured_media":0,"comment_status":"closed","ping_status":"open","sticky":false,"template":"","format":"standard","meta":{"_et_pb_use_builder":"","_et_pb_old_content":"","_et_gb_content_width":""},"categories":[],"tags":[],"_links":{"self":[{"href":"http:\/\/aeroklubelblaski.pl\/index.php\/wp-json\/wp\/v2\/posts\/2171"}],"collection":[{"href":"http:\/\/aeroklubelblaski.pl\/index.php\/wp-json\/wp\/v2\/posts"}],"about":[{"href":"http:\/\/aeroklubelblaski.pl\/index.php\/wp-json\/wp\/v2\/types\/post"}],"author":[{"embeddable":true,"href":"http:\/\/aeroklubelblaski.pl\/index.php\/wp-json\/wp\/v2\/users\/4"}],"replies":[{"embeddable":true,"href":"http:\/\/aeroklubelblaski.pl\/index.php\/wp-json\/wp\/v2\/comments?post=2171"}],"version-history":[{"count":0,"href":"http:\/\/aeroklubelblaski.pl\/index.php\/wp-json\/wp\/v2\/posts\/2171\/revisions"}],"wp:attachment":[{"href":"http:\/\/aeroklubelblaski.pl\/index.php\/wp-json\/wp\/v2\/media?parent=2171"}],"wp:term":[{"taxonomy":"category","embeddable":true,"href":"http:\/\/aeroklubelblaski.pl\/index.php\/wp-json\/wp\/v2\/categories?post=2171"},{"taxonomy":"post_tag","embeddable":true,"href":"http:\/\/aeroklubelblaski.pl\/index.php\/wp-json\/wp\/v2\/tags?post=2171"}],"curies":[{"name":"wp","href":"https:\/\/api.w.org\/{rel}","templated":true}]}}