{"id":2169,"date":"2009-03-17T12:59:55","date_gmt":"2009-03-17T10:59:55","guid":{"rendered":"http:\/\/ae.napisal.pl\/?p=169"},"modified":"2011-09-19T09:20:34","modified_gmt":"2011-09-19T07:20:34","slug":"zawody-modeli-balonow","status":"publish","type":"post","link":"http:\/\/aeroklubelblaski.pl\/index.php\/2009\/03\/17\/zawody-modeli-balonow\/","title":{"rendered":"Zawody modeli balon\u00f3w"},"content":{"rendered":"<p>Zapraszamy na Zawody modeli balon\u00f3w na ogrzane powietrze im. Gordon Benetta w niedziel\u0119 29 marca 2009 od godz. 10. Przewidywana jest rywalizacja na najd\u0142u\u017cszy lot balonem w kategoriach wiekowych do 10 lat, do 14 lat i w kategorii Open. Zbuduj balon i przyjd\u017a z rodzin\u0105.<\/p>\n","protected":false},"excerpt":{"rendered":"<p>Zapraszamy na Zawody modeli balon\u00f3w na ogrzane powietrze im. Gordon Benetta w niedziel\u0119 29 marca 2009 od godz. 10. Przewidywana jest rywalizacja na najd\u0142u\u017cszy lot balonem w kategoriach wiekowych do 10 lat, do 14 lat i w kategorii Open. Zbuduj balon i przyjd\u017a z rodzin\u0105.<\/p>\n","protected":false},"author":4,"featured_media":0,"comment_status":"closed","ping_status":"open","sticky":false,"template":"","format":"standard","meta":{"_et_pb_use_builder":"","_et_pb_old_content":"","_et_gb_content_width":""},"categories":[],"tags":[],"_links":{"self":[{"href":"http:\/\/aeroklubelblaski.pl\/index.php\/wp-json\/wp\/v2\/posts\/2169"}],"collection":[{"href":"http:\/\/aeroklubelblaski.pl\/index.php\/wp-json\/wp\/v2\/posts"}],"about":[{"href":"http:\/\/aeroklubelblaski.pl\/index.php\/wp-json\/wp\/v2\/types\/post"}],"author":[{"embeddable":true,"href":"http:\/\/aeroklubelblaski.pl\/index.php\/wp-json\/wp\/v2\/users\/4"}],"replies":[{"embeddable":true,"href":"http:\/\/aeroklubelblaski.pl\/index.php\/wp-json\/wp\/v2\/comments?post=2169"}],"version-history":[{"count":0,"href":"http:\/\/aeroklubelblaski.pl\/index.php\/wp-json\/wp\/v2\/posts\/2169\/revisions"}],"wp:attachment":[{"href":"http:\/\/aeroklubelblaski.pl\/index.php\/wp-json\/wp\/v2\/media?parent=2169"}],"wp:term":[{"taxonomy":"category","embeddable":true,"href":"http:\/\/aeroklubelblaski.pl\/index.php\/wp-json\/wp\/v2\/categories?post=2169"},{"taxonomy":"post_tag","embeddable":true,"href":"http:\/\/aeroklubelblaski.pl\/index.php\/wp-json\/wp\/v2\/tags?post=2169"}],"curies":[{"name":"wp","href":"https:\/\/api.w.org\/{rel}","templated":true}]}}