{"id":2167,"date":"2009-04-15T17:20:55","date_gmt":"2009-04-15T15:20:55","guid":{"rendered":"http:\/\/ae.napisal.pl\/?p=167"},"modified":"2011-09-19T09:19:52","modified_gmt":"2011-09-19T07:19:52","slug":"szkolenie-szybowcowe","status":"publish","type":"post","link":"http:\/\/aeroklubelblaski.pl\/index.php\/2009\/04\/15\/szkolenie-szybowcowe\/","title":{"rendered":"Szkolenie szybowcowe"},"content":{"rendered":"<p>Prowadzimy zapisy ch\u0119tnych do rozpocz\u0119cia szkolenia szybowcowego w bie\u017c\u0105cym roku. Kurs teoretyczny rozpocznie si\u0119 16 maja a zako\u0144czy sie 14 czerwca. Zaj\u0119cia odbywa\u0107 si\u0119 b\u0119d\u0105 w soboty i niedziele od godziny 10, oraz w \u015brody od godziny 16. Kurs praktyczny, obejmuj\u0105cy 50-60 lot\u00f3w z instruktorem i 10 samodzielnych planowany jest od 20 czerwca do 5 lipca. Koszt ca\u0142o\u015bci kursu wynosi 2500 z\u0142, a dla m\u0142odzie\u017cy do 26 roku \u017cycia 2200 z\u0142. Zapisy w dziale szkolenia Aeroklubu tel. 0 55 233 44 10,\u00a0 0 880 291 470, e mail\u00a0<a href=\"mailto:aeroklub.elblag@wp.pl\">aeroklub.elblag@wp.pl<\/a>\u00a0do 9 maja.<\/p>\n","protected":false},"excerpt":{"rendered":"<p>Prowadzimy zapisy ch\u0119tnych do rozpocz\u0119cia szkolenia szybowcowego w bie\u017c\u0105cym roku. Kurs teoretyczny rozpocznie si\u0119 16 maja a zako\u0144czy sie 14 czerwca. Zaj\u0119cia odbywa\u0107 si\u0119 b\u0119d\u0105 w soboty i niedziele od godziny 10, oraz w \u015brody od godziny 16. Kurs praktyczny, obejmuj\u0105cy 50-60 lot\u00f3w z instruktorem i 10 samodzielnych planowany jest od 20 czerwca do 5 [&hellip;]<\/p>\n","protected":false},"author":4,"featured_media":0,"comment_status":"closed","ping_status":"open","sticky":false,"template":"","format":"standard","meta":{"_et_pb_use_builder":"","_et_pb_old_content":"","_et_gb_content_width":""},"categories":[],"tags":[],"_links":{"self":[{"href":"http:\/\/aeroklubelblaski.pl\/index.php\/wp-json\/wp\/v2\/posts\/2167"}],"collection":[{"href":"http:\/\/aeroklubelblaski.pl\/index.php\/wp-json\/wp\/v2\/posts"}],"about":[{"href":"http:\/\/aeroklubelblaski.pl\/index.php\/wp-json\/wp\/v2\/types\/post"}],"author":[{"embeddable":true,"href":"http:\/\/aeroklubelblaski.pl\/index.php\/wp-json\/wp\/v2\/users\/4"}],"replies":[{"embeddable":true,"href":"http:\/\/aeroklubelblaski.pl\/index.php\/wp-json\/wp\/v2\/comments?post=2167"}],"version-history":[{"count":0,"href":"http:\/\/aeroklubelblaski.pl\/index.php\/wp-json\/wp\/v2\/posts\/2167\/revisions"}],"wp:attachment":[{"href":"http:\/\/aeroklubelblaski.pl\/index.php\/wp-json\/wp\/v2\/media?parent=2167"}],"wp:term":[{"taxonomy":"category","embeddable":true,"href":"http:\/\/aeroklubelblaski.pl\/index.php\/wp-json\/wp\/v2\/categories?post=2167"},{"taxonomy":"post_tag","embeddable":true,"href":"http:\/\/aeroklubelblaski.pl\/index.php\/wp-json\/wp\/v2\/tags?post=2167"}],"curies":[{"name":"wp","href":"https:\/\/api.w.org\/{rel}","templated":true}]}}