{"id":2161,"date":"2009-09-19T09:17:41","date_gmt":"2009-09-19T07:17:41","guid":{"rendered":"http:\/\/ae.napisal.pl\/?p=161"},"modified":"2011-09-19T09:46:14","modified_gmt":"2011-09-19T07:46:14","slug":"lotniczy-festyn-rodzinny","status":"publish","type":"post","link":"http:\/\/aeroklubelblaski.pl\/index.php\/2009\/09\/19\/lotniczy-festyn-rodzinny\/","title":{"rendered":"Lotniczy Festyn Rodzinny"},"content":{"rendered":"<p>11 Lipca 2009 na lotnisku Aeroklubu Elbl\u0105skiego odb\u0119dzie si\u0119 Lotniczy Festyn Rodzinny. Zapraszamy do udzia\u0142u<\/p>\n<p><a href=\"http:\/\/ae.napisal.pl\/?attachment_id=162\" rel=\"attachment wp-att-162\"><img loading=\"lazy\" class=\"size-large wp-image-162 aligncenter\" title=\"AEROKLUB_plakat\" src=\"http:\/\/ae.napisal.pl\/wp-content\/uploads\/2011\/09\/AEROKLUB_plakat-727x1024.jpg\" alt=\"\" width=\"584\" height=\"822\" \/><\/a><\/p>\n","protected":false},"excerpt":{"rendered":"<p>11 Lipca 2009 na lotnisku Aeroklubu Elbl\u0105skiego odb\u0119dzie si\u0119 Lotniczy Festyn Rodzinny. Zapraszamy do udzia\u0142u<\/p>\n","protected":false},"author":4,"featured_media":0,"comment_status":"closed","ping_status":"open","sticky":false,"template":"","format":"standard","meta":{"_et_pb_use_builder":"","_et_pb_old_content":"","_et_gb_content_width":""},"categories":[],"tags":[],"_links":{"self":[{"href":"http:\/\/aeroklubelblaski.pl\/index.php\/wp-json\/wp\/v2\/posts\/2161"}],"collection":[{"href":"http:\/\/aeroklubelblaski.pl\/index.php\/wp-json\/wp\/v2\/posts"}],"about":[{"href":"http:\/\/aeroklubelblaski.pl\/index.php\/wp-json\/wp\/v2\/types\/post"}],"author":[{"embeddable":true,"href":"http:\/\/aeroklubelblaski.pl\/index.php\/wp-json\/wp\/v2\/users\/4"}],"replies":[{"embeddable":true,"href":"http:\/\/aeroklubelblaski.pl\/index.php\/wp-json\/wp\/v2\/comments?post=2161"}],"version-history":[{"count":0,"href":"http:\/\/aeroklubelblaski.pl\/index.php\/wp-json\/wp\/v2\/posts\/2161\/revisions"}],"wp:attachment":[{"href":"http:\/\/aeroklubelblaski.pl\/index.php\/wp-json\/wp\/v2\/media?parent=2161"}],"wp:term":[{"taxonomy":"category","embeddable":true,"href":"http:\/\/aeroklubelblaski.pl\/index.php\/wp-json\/wp\/v2\/categories?post=2161"},{"taxonomy":"post_tag","embeddable":true,"href":"http:\/\/aeroklubelblaski.pl\/index.php\/wp-json\/wp\/v2\/tags?post=2161"}],"curies":[{"name":"wp","href":"https:\/\/api.w.org\/{rel}","templated":true}]}}