{"id":2159,"date":"2009-08-28T10:27:31","date_gmt":"2009-08-28T08:27:31","guid":{"rendered":"http:\/\/ae.napisal.pl\/?p=159"},"modified":"2011-09-19T09:15:45","modified_gmt":"2011-09-19T07:15:45","slug":"zawody-samolotowe-2","status":"publish","type":"post","link":"http:\/\/aeroklubelblaski.pl\/index.php\/2009\/08\/28\/zawody-samolotowe-2\/","title":{"rendered":"Zawody samolotowe"},"content":{"rendered":"<p>W dniach 5-6 wrze\u015bnia organizujemy IX Klubowe Zawody Samolotowe o Puchar Marsza\u0142ka Wojew\u00f3dztwa Warmi\u0144sko- Mazurskiego. Planowane jest rozegranie dw\u00f3ch konkurencji nawigacyjnych oraz konkurencja l\u0105dowa\u0144. Dwuosobowe za\u0142ogi b\u0119d\u0105 mia\u0142y do oblecenia trasy o d\u0142ugo\u015bci oko\u0142o 120 km. na kt\u00f3rych trzeba odnale\u017a\u0107 sfotografowane objekty, jak r\u00f3wnie\u017c wy\u0142o\u017cone p\u0142\u00f3cienne znaki. W konkurencji l\u0105dowa\u0144 punktowana b\u0119dzie precycja przyziemienia samolotu w okre\u015blonym punkcie.<\/p>\n<p>Szczeg\u00f3\u0142owy plan zawod\u00f3w poni\u017cej:<br \/>\n05.09.2009 r. \/sobota\/ godz. 10:00- przygotowanie sprz\u0119tu<br \/>\ngodz. 11:00 &#8211; odprawa przed zawodami<br \/>\ngodz. 11:45 &#8211; rozpocz\u0119cie I konkurencji obliczeniowej<br \/>\ngodz. 13:00 -16:10- I konkurencja nawigacyjna<br \/>\ngodz. 16:30 &#8211; odprawa przed konkurencj\u0105 l\u0105dowa\u0144<br \/>\ngodz. 17:00 -18:00- konkurencja l\u0105dowa\u0144<\/p>\n<p>06.09.2009 r. \/niedziela\/ godz. 8:30- przygotowanie sprz\u0119tu<br \/>\ngodz. 9:00 &#8211; odprawa przed II konkurencj\u0105<br \/>\ngodz. 9:15 &#8211; rozpocz\u0119cie II konkurencji obliczeniowej<br \/>\ngodz. 10:30 &#8211; 13:40- II konkurencja nawigacyjna<br \/>\ngodz. 16:00- uroczyste zako\u0144czenie zawod\u00f3w<\/p>\n<p>Plan zawod\u00f3w mo\u017ce ulega\u0107 zmianom w zale\u017cno\u015bci od warunk\u00f3w atmosferycznych.<\/p>\n","protected":false},"excerpt":{"rendered":"<p>W dniach 5-6 wrze\u015bnia organizujemy IX Klubowe Zawody Samolotowe o Puchar Marsza\u0142ka Wojew\u00f3dztwa Warmi\u0144sko- Mazurskiego. Planowane jest rozegranie dw\u00f3ch konkurencji nawigacyjnych oraz konkurencja l\u0105dowa\u0144. Dwuosobowe za\u0142ogi b\u0119d\u0105 mia\u0142y do oblecenia trasy o d\u0142ugo\u015bci oko\u0142o 120 km. na kt\u00f3rych trzeba odnale\u017a\u0107 sfotografowane objekty, jak r\u00f3wnie\u017c wy\u0142o\u017cone p\u0142\u00f3cienne znaki. W konkurencji l\u0105dowa\u0144 punktowana b\u0119dzie precycja przyziemienia samolotu [&hellip;]<\/p>\n","protected":false},"author":4,"featured_media":0,"comment_status":"closed","ping_status":"open","sticky":false,"template":"","format":"standard","meta":{"_et_pb_use_builder":"","_et_pb_old_content":"","_et_gb_content_width":""},"categories":[],"tags":[],"_links":{"self":[{"href":"http:\/\/aeroklubelblaski.pl\/index.php\/wp-json\/wp\/v2\/posts\/2159"}],"collection":[{"href":"http:\/\/aeroklubelblaski.pl\/index.php\/wp-json\/wp\/v2\/posts"}],"about":[{"href":"http:\/\/aeroklubelblaski.pl\/index.php\/wp-json\/wp\/v2\/types\/post"}],"author":[{"embeddable":true,"href":"http:\/\/aeroklubelblaski.pl\/index.php\/wp-json\/wp\/v2\/users\/4"}],"replies":[{"embeddable":true,"href":"http:\/\/aeroklubelblaski.pl\/index.php\/wp-json\/wp\/v2\/comments?post=2159"}],"version-history":[{"count":0,"href":"http:\/\/aeroklubelblaski.pl\/index.php\/wp-json\/wp\/v2\/posts\/2159\/revisions"}],"wp:attachment":[{"href":"http:\/\/aeroklubelblaski.pl\/index.php\/wp-json\/wp\/v2\/media?parent=2159"}],"wp:term":[{"taxonomy":"category","embeddable":true,"href":"http:\/\/aeroklubelblaski.pl\/index.php\/wp-json\/wp\/v2\/categories?post=2159"},{"taxonomy":"post_tag","embeddable":true,"href":"http:\/\/aeroklubelblaski.pl\/index.php\/wp-json\/wp\/v2\/tags?post=2159"}],"curies":[{"name":"wp","href":"https:\/\/api.w.org\/{rel}","templated":true}]}}