{"id":2157,"date":"2009-08-28T10:45:36","date_gmt":"2009-08-28T08:45:36","guid":{"rendered":"http:\/\/ae.napisal.pl\/?p=157"},"modified":"2011-09-19T09:14:20","modified_gmt":"2011-09-19T07:14:20","slug":"szkolenie-samolotowe-2009","status":"publish","type":"post","link":"http:\/\/aeroklubelblaski.pl\/index.php\/2009\/08\/28\/szkolenie-samolotowe-2009\/","title":{"rendered":"Szkolenie samolotowe 2009"},"content":{"rendered":"<p>Aeroklub Elbl\u0105ski zaprasza na jesienn\u0105 edycj\u0119 kursu do Licencji Pilota Samolotowego Turystycznego PPL(A). Zaj\u0119cia teoretyczne\u00a0rozpoczn\u0105\u00a0si\u0119 w sobot\u0119\u00a019 wrze\u015bnia\u00a02009 i potrwaj\u0105\u00a0do ko\u0144ca pa\u017adziernika. Po uko\u0144czeniu teorii rozpoczynamy szkolenie w powietrzu na samolocie Cessna 150 obejmuj\u0105ce 45 godzin lot\u00f3w szkoleniowych. Zapisy w dziale szkolenia Aeroklubu do 13 wrze\u015bnia.<\/p>\n<p>tel 0 55 233 44 10, 0 880 291 470,\u00a0 e mail\u00a0<a href=\"mailto:aeroklub.elblag@wp.pl\">aeroklub.elblag@wp.pl<\/a><\/p>\n","protected":false},"excerpt":{"rendered":"<p>Aeroklub Elbl\u0105ski zaprasza na jesienn\u0105 edycj\u0119 kursu do Licencji Pilota Samolotowego Turystycznego PPL(A). Zaj\u0119cia teoretyczne\u00a0rozpoczn\u0105\u00a0si\u0119 w sobot\u0119\u00a019 wrze\u015bnia\u00a02009 i potrwaj\u0105\u00a0do ko\u0144ca pa\u017adziernika. Po uko\u0144czeniu teorii rozpoczynamy szkolenie w powietrzu na samolocie Cessna 150 obejmuj\u0105ce 45 godzin lot\u00f3w szkoleniowych. Zapisy w dziale szkolenia Aeroklubu do 13 wrze\u015bnia. tel 0 55 233 44 10, 0 880 291 [&hellip;]<\/p>\n","protected":false},"author":4,"featured_media":0,"comment_status":"closed","ping_status":"open","sticky":false,"template":"","format":"standard","meta":{"_et_pb_use_builder":"","_et_pb_old_content":"","_et_gb_content_width":""},"categories":[],"tags":[],"_links":{"self":[{"href":"http:\/\/aeroklubelblaski.pl\/index.php\/wp-json\/wp\/v2\/posts\/2157"}],"collection":[{"href":"http:\/\/aeroklubelblaski.pl\/index.php\/wp-json\/wp\/v2\/posts"}],"about":[{"href":"http:\/\/aeroklubelblaski.pl\/index.php\/wp-json\/wp\/v2\/types\/post"}],"author":[{"embeddable":true,"href":"http:\/\/aeroklubelblaski.pl\/index.php\/wp-json\/wp\/v2\/users\/4"}],"replies":[{"embeddable":true,"href":"http:\/\/aeroklubelblaski.pl\/index.php\/wp-json\/wp\/v2\/comments?post=2157"}],"version-history":[{"count":0,"href":"http:\/\/aeroklubelblaski.pl\/index.php\/wp-json\/wp\/v2\/posts\/2157\/revisions"}],"wp:attachment":[{"href":"http:\/\/aeroklubelblaski.pl\/index.php\/wp-json\/wp\/v2\/media?parent=2157"}],"wp:term":[{"taxonomy":"category","embeddable":true,"href":"http:\/\/aeroklubelblaski.pl\/index.php\/wp-json\/wp\/v2\/categories?post=2157"},{"taxonomy":"post_tag","embeddable":true,"href":"http:\/\/aeroklubelblaski.pl\/index.php\/wp-json\/wp\/v2\/tags?post=2157"}],"curies":[{"name":"wp","href":"https:\/\/api.w.org\/{rel}","templated":true}]}}