{"id":2151,"date":"2009-09-21T06:26:30","date_gmt":"2009-09-21T04:26:30","guid":{"rendered":"http:\/\/ae.napisal.pl\/?p=151"},"modified":"2011-09-19T09:10:07","modified_gmt":"2011-09-19T07:10:07","slug":"zawody-szybowcowe-na-celnosc-ladowania","status":"publish","type":"post","link":"http:\/\/aeroklubelblaski.pl\/index.php\/2009\/09\/21\/zawody-szybowcowe-na-celnosc-ladowania\/","title":{"rendered":"Zawody szybowcowe na celno\u015b\u0107 l\u0105dowania"},"content":{"rendered":"<p>W sobot\u0119 26 wrze\u015bnia zapraszamy wszystkich szybownik\u00f3w i sympatyk\u00f3w szybownictwa do udzia\u0142u w corocznych Zawodach na celno\u015b\u0107 l\u0105dowania. Loty odb\u0119d\u0105 si\u0119 na Puchaczu za wyci\u0105gark\u0105. Rozpoczynamy od godziny 10, a po sko\u0144czonej konkurencji odb\u0119dzie si\u0119 podsumowanie sezonu i grill.<\/p>\n","protected":false},"excerpt":{"rendered":"<p>W sobot\u0119 26 wrze\u015bnia zapraszamy wszystkich szybownik\u00f3w i sympatyk\u00f3w szybownictwa do udzia\u0142u w corocznych Zawodach na celno\u015b\u0107 l\u0105dowania. Loty odb\u0119d\u0105 si\u0119 na Puchaczu za wyci\u0105gark\u0105. Rozpoczynamy od godziny 10, a po sko\u0144czonej konkurencji odb\u0119dzie si\u0119 podsumowanie sezonu i grill.<\/p>\n","protected":false},"author":4,"featured_media":0,"comment_status":"closed","ping_status":"open","sticky":false,"template":"","format":"standard","meta":{"_et_pb_use_builder":"","_et_pb_old_content":"","_et_gb_content_width":""},"categories":[],"tags":[],"_links":{"self":[{"href":"http:\/\/aeroklubelblaski.pl\/index.php\/wp-json\/wp\/v2\/posts\/2151"}],"collection":[{"href":"http:\/\/aeroklubelblaski.pl\/index.php\/wp-json\/wp\/v2\/posts"}],"about":[{"href":"http:\/\/aeroklubelblaski.pl\/index.php\/wp-json\/wp\/v2\/types\/post"}],"author":[{"embeddable":true,"href":"http:\/\/aeroklubelblaski.pl\/index.php\/wp-json\/wp\/v2\/users\/4"}],"replies":[{"embeddable":true,"href":"http:\/\/aeroklubelblaski.pl\/index.php\/wp-json\/wp\/v2\/comments?post=2151"}],"version-history":[{"count":0,"href":"http:\/\/aeroklubelblaski.pl\/index.php\/wp-json\/wp\/v2\/posts\/2151\/revisions"}],"wp:attachment":[{"href":"http:\/\/aeroklubelblaski.pl\/index.php\/wp-json\/wp\/v2\/media?parent=2151"}],"wp:term":[{"taxonomy":"category","embeddable":true,"href":"http:\/\/aeroklubelblaski.pl\/index.php\/wp-json\/wp\/v2\/categories?post=2151"},{"taxonomy":"post_tag","embeddable":true,"href":"http:\/\/aeroklubelblaski.pl\/index.php\/wp-json\/wp\/v2\/tags?post=2151"}],"curies":[{"name":"wp","href":"https:\/\/api.w.org\/{rel}","templated":true}]}}