{"id":2149,"date":"2010-02-05T12:12:50","date_gmt":"2010-02-05T10:12:50","guid":{"rendered":"http:\/\/ae.napisal.pl\/?p=149"},"modified":"2011-09-19T09:09:25","modified_gmt":"2011-09-19T07:09:25","slug":"szkolenie-szybowcowe-2010","status":"publish","type":"post","link":"http:\/\/aeroklubelblaski.pl\/index.php\/2010\/02\/05\/szkolenie-szybowcowe-2010\/","title":{"rendered":"Szkolenie szybowcowe 2010"},"content":{"rendered":"<p>Prowadzimy zapisy ch\u0119tnych do rozpocz\u0119cia szkolenia szybowcowego w bie\u017c\u0105cym roku. Kurs teoretyczny rozpocznie si\u0119 w po\u0142owie maja a zako\u0144czy w po\u0142owie czerwca. Zaj\u0119cia odbywa\u0107 si\u0119 b\u0119d\u0105 w soboty i niedziele od godziny 10, oraz w \u015brody od godziny 16. Kursy praktyczne, obejmuj\u0105ce 50-60 lot\u00f3w z instruktorem i 10 samodzielnych planowane s\u0105 w czasie wakacji. Zapisy i szczeg\u00f3\u0142owe informacje w dziale szkolenia Aeroklubu tel. 0 55 233 44 10,\u00a0 0 880 291 470, e mail\u00a0<a href=\"mailto:aeroklub.elblag@wp.pl\">aeroklub.elblag@wp.pl<\/a>\u00a0do 8 maja.<\/p>\n","protected":false},"excerpt":{"rendered":"<p>Prowadzimy zapisy ch\u0119tnych do rozpocz\u0119cia szkolenia szybowcowego w bie\u017c\u0105cym roku. Kurs teoretyczny rozpocznie si\u0119 w po\u0142owie maja a zako\u0144czy w po\u0142owie czerwca. Zaj\u0119cia odbywa\u0107 si\u0119 b\u0119d\u0105 w soboty i niedziele od godziny 10, oraz w \u015brody od godziny 16. Kursy praktyczne, obejmuj\u0105ce 50-60 lot\u00f3w z instruktorem i 10 samodzielnych planowane s\u0105 w czasie wakacji. Zapisy [&hellip;]<\/p>\n","protected":false},"author":4,"featured_media":0,"comment_status":"closed","ping_status":"open","sticky":false,"template":"","format":"standard","meta":{"_et_pb_use_builder":"","_et_pb_old_content":"","_et_gb_content_width":""},"categories":[],"tags":[],"_links":{"self":[{"href":"http:\/\/aeroklubelblaski.pl\/index.php\/wp-json\/wp\/v2\/posts\/2149"}],"collection":[{"href":"http:\/\/aeroklubelblaski.pl\/index.php\/wp-json\/wp\/v2\/posts"}],"about":[{"href":"http:\/\/aeroklubelblaski.pl\/index.php\/wp-json\/wp\/v2\/types\/post"}],"author":[{"embeddable":true,"href":"http:\/\/aeroklubelblaski.pl\/index.php\/wp-json\/wp\/v2\/users\/4"}],"replies":[{"embeddable":true,"href":"http:\/\/aeroklubelblaski.pl\/index.php\/wp-json\/wp\/v2\/comments?post=2149"}],"version-history":[{"count":0,"href":"http:\/\/aeroklubelblaski.pl\/index.php\/wp-json\/wp\/v2\/posts\/2149\/revisions"}],"wp:attachment":[{"href":"http:\/\/aeroklubelblaski.pl\/index.php\/wp-json\/wp\/v2\/media?parent=2149"}],"wp:term":[{"taxonomy":"category","embeddable":true,"href":"http:\/\/aeroklubelblaski.pl\/index.php\/wp-json\/wp\/v2\/categories?post=2149"},{"taxonomy":"post_tag","embeddable":true,"href":"http:\/\/aeroklubelblaski.pl\/index.php\/wp-json\/wp\/v2\/tags?post=2149"}],"curies":[{"name":"wp","href":"https:\/\/api.w.org\/{rel}","templated":true}]}}