{"id":2147,"date":"2010-02-05T14:31:57","date_gmt":"2010-02-05T12:31:57","guid":{"rendered":"http:\/\/ae.napisal.pl\/?p=147"},"modified":"2011-09-19T09:08:44","modified_gmt":"2011-09-19T07:08:44","slug":"szkolenie-samolotowe-2010","status":"publish","type":"post","link":"http:\/\/aeroklubelblaski.pl\/index.php\/2010\/02\/05\/szkolenie-samolotowe-2010\/","title":{"rendered":"Szkolenie samolotowe 2010"},"content":{"rendered":"<p>Rozpoczynamy wiosenne szkolenie do Licencji Pilota Samolotowego Turystycznego PPL(A). Zaj\u0119cia teoretyczne planujemy rozpocz\u0105\u0107 w\u00a0maju i potrwaj\u0105\u00a0do po\u0142owy\u00a0czerwca. Po uko\u0144czeniu teorii mo\u017cna rozpocz\u0105\u0107 szkolenie w powietrzu na samolocie Cessna 150, obejmuj\u0105ce 45 godzin lot\u00f3w szkoleniowych. Zapisy i dodatkowe informacje w dziale szkolenia Aeroklubu do 30 kwietnia.<\/p>\n<p>tel 0 55 233 44 10, 0 880 291 470,\u00a0 e mail\u00a0<a href=\"mailto:aeroklub.elblag@wp.pl\">aeroklub.elblag@wp.pl<\/a><\/p>\n","protected":false},"excerpt":{"rendered":"<p>Rozpoczynamy wiosenne szkolenie do Licencji Pilota Samolotowego Turystycznego PPL(A). Zaj\u0119cia teoretyczne planujemy rozpocz\u0105\u0107 w\u00a0maju i potrwaj\u0105\u00a0do po\u0142owy\u00a0czerwca. Po uko\u0144czeniu teorii mo\u017cna rozpocz\u0105\u0107 szkolenie w powietrzu na samolocie Cessna 150, obejmuj\u0105ce 45 godzin lot\u00f3w szkoleniowych. Zapisy i dodatkowe informacje w dziale szkolenia Aeroklubu do 30 kwietnia. tel 0 55 233 44 10, 0 880 291 470,\u00a0 [&hellip;]<\/p>\n","protected":false},"author":4,"featured_media":0,"comment_status":"closed","ping_status":"open","sticky":false,"template":"","format":"standard","meta":{"_et_pb_use_builder":"","_et_pb_old_content":"","_et_gb_content_width":""},"categories":[],"tags":[],"_links":{"self":[{"href":"http:\/\/aeroklubelblaski.pl\/index.php\/wp-json\/wp\/v2\/posts\/2147"}],"collection":[{"href":"http:\/\/aeroklubelblaski.pl\/index.php\/wp-json\/wp\/v2\/posts"}],"about":[{"href":"http:\/\/aeroklubelblaski.pl\/index.php\/wp-json\/wp\/v2\/types\/post"}],"author":[{"embeddable":true,"href":"http:\/\/aeroklubelblaski.pl\/index.php\/wp-json\/wp\/v2\/users\/4"}],"replies":[{"embeddable":true,"href":"http:\/\/aeroklubelblaski.pl\/index.php\/wp-json\/wp\/v2\/comments?post=2147"}],"version-history":[{"count":0,"href":"http:\/\/aeroklubelblaski.pl\/index.php\/wp-json\/wp\/v2\/posts\/2147\/revisions"}],"wp:attachment":[{"href":"http:\/\/aeroklubelblaski.pl\/index.php\/wp-json\/wp\/v2\/media?parent=2147"}],"wp:term":[{"taxonomy":"category","embeddable":true,"href":"http:\/\/aeroklubelblaski.pl\/index.php\/wp-json\/wp\/v2\/categories?post=2147"},{"taxonomy":"post_tag","embeddable":true,"href":"http:\/\/aeroklubelblaski.pl\/index.php\/wp-json\/wp\/v2\/tags?post=2147"}],"curies":[{"name":"wp","href":"https:\/\/api.w.org\/{rel}","templated":true}]}}