{"id":2103,"date":"2010-07-05T15:04:04","date_gmt":"2010-07-05T13:04:04","guid":{"rendered":"http:\/\/ae.napisal.pl\/?p=103"},"modified":"2011-09-19T11:06:14","modified_gmt":"2011-09-19T09:06:14","slug":"piknik-lotniczy-2010","status":"publish","type":"post","link":"http:\/\/aeroklubelblaski.pl\/index.php\/2010\/07\/05\/piknik-lotniczy-2010\/","title":{"rendered":"Piknik Lotniczy 2010"},"content":{"rendered":"<p>Aeroklub Elbl\u0105ski zaprasza mieszka\u0144c\u00f3w Elbl\u0105ga i okolic na Piknik Lotniczy w dniu\u00a011.07.2010\u00a0w godzinach od 10-19.<\/p>\n<p><a href=\"http:\/\/ae.napisal.pl\/?attachment_id=104\" rel=\"attachment wp-att-104\"><img loading=\"lazy\" class=\"size-full wp-image-104 aligncenter\" title=\"iplakat\" src=\"http:\/\/ae.napisal.pl\/wp-content\/uploads\/2011\/09\/iplakat.jpg\" alt=\"\" width=\"542\" height=\"767\" \/><\/a><\/p>\n<p>&nbsp;<\/p>\n","protected":false},"excerpt":{"rendered":"<p>Aeroklub Elbl\u0105ski zaprasza mieszka\u0144c\u00f3w Elbl\u0105ga i okolic na Piknik Lotniczy w dniu\u00a011.07.2010\u00a0w godzinach od 10-19. &nbsp;<\/p>\n","protected":false},"author":4,"featured_media":0,"comment_status":"closed","ping_status":"open","sticky":false,"template":"","format":"standard","meta":{"_et_pb_use_builder":"","_et_pb_old_content":"","_et_gb_content_width":""},"categories":[],"tags":[],"_links":{"self":[{"href":"http:\/\/aeroklubelblaski.pl\/index.php\/wp-json\/wp\/v2\/posts\/2103"}],"collection":[{"href":"http:\/\/aeroklubelblaski.pl\/index.php\/wp-json\/wp\/v2\/posts"}],"about":[{"href":"http:\/\/aeroklubelblaski.pl\/index.php\/wp-json\/wp\/v2\/types\/post"}],"author":[{"embeddable":true,"href":"http:\/\/aeroklubelblaski.pl\/index.php\/wp-json\/wp\/v2\/users\/4"}],"replies":[{"embeddable":true,"href":"http:\/\/aeroklubelblaski.pl\/index.php\/wp-json\/wp\/v2\/comments?post=2103"}],"version-history":[{"count":0,"href":"http:\/\/aeroklubelblaski.pl\/index.php\/wp-json\/wp\/v2\/posts\/2103\/revisions"}],"wp:attachment":[{"href":"http:\/\/aeroklubelblaski.pl\/index.php\/wp-json\/wp\/v2\/media?parent=2103"}],"wp:term":[{"taxonomy":"category","embeddable":true,"href":"http:\/\/aeroklubelblaski.pl\/index.php\/wp-json\/wp\/v2\/categories?post=2103"},{"taxonomy":"post_tag","embeddable":true,"href":"http:\/\/aeroklubelblaski.pl\/index.php\/wp-json\/wp\/v2\/tags?post=2103"}],"curies":[{"name":"wp","href":"https:\/\/api.w.org\/{rel}","templated":true}]}}