{"id":2099,"date":"2010-07-12T09:22:48","date_gmt":"2010-07-12T07:22:48","guid":{"rendered":"http:\/\/ae.napisal.pl\/?p=99"},"modified":"2011-09-19T09:04:15","modified_gmt":"2011-09-19T07:04:15","slug":"festyn-lotniczy","status":"publish","type":"post","link":"http:\/\/aeroklubelblaski.pl\/index.php\/2010\/07\/12\/festyn-lotniczy\/","title":{"rendered":"Festyn lotniczy"},"content":{"rendered":"<p>W niedziel\u0119 odby\u0142 si\u0119 lotniczy Piknik Rodzinny, po\u0142\u0105czony ze \u015awi\u0119tem Aeroklubu Elbl\u0105skiego (53 lecie powstania).\u00a0 Opr\u00f3cz atrakcji lotniczych, z pokazami zaprezentowali si\u0119 cz\u0142onkowie klub\u00f3w motocyklowych z Elbl\u0105ga i Pas\u0142\u0119ka, posiadacze limuzyn i starych samochod\u00f3w, stra\u017cacy, policjanci, modelarze i hobby\u015bci.<\/p>\n<p>Wszystkim go\u015bciom dzi\u0119kujemy za przybycie, zapraszamy do udzia\u0142u w kolejnych imprezach organizowanych przez aeroklub &#8211; obserwujcie zapowiedzi na naszej stronie internetowej!<br \/>\n(GM)<\/p>\n","protected":false},"excerpt":{"rendered":"<p>W niedziel\u0119 odby\u0142 si\u0119 lotniczy Piknik Rodzinny, po\u0142\u0105czony ze \u015awi\u0119tem Aeroklubu Elbl\u0105skiego (53 lecie powstania).\u00a0 Opr\u00f3cz atrakcji lotniczych, z pokazami zaprezentowali si\u0119 cz\u0142onkowie klub\u00f3w motocyklowych z Elbl\u0105ga i Pas\u0142\u0119ka, posiadacze limuzyn i starych samochod\u00f3w, stra\u017cacy, policjanci, modelarze i hobby\u015bci. Wszystkim go\u015bciom dzi\u0119kujemy za przybycie, zapraszamy do udzia\u0142u w kolejnych imprezach organizowanych przez aeroklub &#8211; obserwujcie [&hellip;]<\/p>\n","protected":false},"author":4,"featured_media":0,"comment_status":"closed","ping_status":"open","sticky":false,"template":"","format":"standard","meta":{"_et_pb_use_builder":"","_et_pb_old_content":"","_et_gb_content_width":""},"categories":[],"tags":[],"_links":{"self":[{"href":"http:\/\/aeroklubelblaski.pl\/index.php\/wp-json\/wp\/v2\/posts\/2099"}],"collection":[{"href":"http:\/\/aeroklubelblaski.pl\/index.php\/wp-json\/wp\/v2\/posts"}],"about":[{"href":"http:\/\/aeroklubelblaski.pl\/index.php\/wp-json\/wp\/v2\/types\/post"}],"author":[{"embeddable":true,"href":"http:\/\/aeroklubelblaski.pl\/index.php\/wp-json\/wp\/v2\/users\/4"}],"replies":[{"embeddable":true,"href":"http:\/\/aeroklubelblaski.pl\/index.php\/wp-json\/wp\/v2\/comments?post=2099"}],"version-history":[{"count":0,"href":"http:\/\/aeroklubelblaski.pl\/index.php\/wp-json\/wp\/v2\/posts\/2099\/revisions"}],"wp:attachment":[{"href":"http:\/\/aeroklubelblaski.pl\/index.php\/wp-json\/wp\/v2\/media?parent=2099"}],"wp:term":[{"taxonomy":"category","embeddable":true,"href":"http:\/\/aeroklubelblaski.pl\/index.php\/wp-json\/wp\/v2\/categories?post=2099"},{"taxonomy":"post_tag","embeddable":true,"href":"http:\/\/aeroklubelblaski.pl\/index.php\/wp-json\/wp\/v2\/tags?post=2099"}],"curies":[{"name":"wp","href":"https:\/\/api.w.org\/{rel}","templated":true}]}}