{"id":2097,"date":"2010-08-27T14:35:29","date_gmt":"2010-08-27T12:35:29","guid":{"rendered":"http:\/\/ae.napisal.pl\/?p=97"},"modified":"2011-09-19T09:04:20","modified_gmt":"2011-09-19T07:04:20","slug":"zawody-samolotowe","status":"publish","type":"post","link":"http:\/\/aeroklubelblaski.pl\/index.php\/2010\/08\/27\/zawody-samolotowe\/","title":{"rendered":"Zawody samolotowe"},"content":{"rendered":"<p>W dniach 4-5 wrze\u015bnia organizujemy X Klubowe Zawody Samolotowe o Puchar Marsza\u0142ka Wojew\u00f3dztwa Warmi\u0144sko- Mazurskiego. Planowane jest rozegranie dw\u00f3ch konkurencji nawigacyjnych oraz konkurencja l\u0105dowa\u0144. Dwuosobowe za\u0142ogi b\u0119d\u0105 mia\u0142y do oblecenia trasy o d\u0142ugo\u015bci oko\u0142o 120 km. na kt\u00f3rych trzeba odnale\u017a\u0107 sfotografowane obiekty, jak r\u00f3wnie\u017c wy\u0142o\u017cone p\u0142\u00f3cienne znaki. W konkurencji l\u0105dowa\u0144 punktowana b\u0119dzie precyzja przyziemienia samolotu w okre\u015blonym punkcie. Szczeg\u00f3\u0142owy plan zawod\u00f3w poni\u017cej:<\/p>\n<p><strong>04.09.2010 r. \/sobota\/<\/strong><\/p>\n<p>godz. 10:00- przygotowanie sprz\u0119tu<br \/>\ngodz. 11:00- odprawa przed zawodami<br \/>\ngodz. 11:45- rozpocz\u0119cie I konkurencji obliczeniowej<br \/>\ngodz. 13:00-16:10- I konkurencja nawigacyjna<br \/>\ngodz. 16:30- odprawa przed konkurencj\u0105 l\u0105dowa\u0144<br \/>\ngodz. 17:00-18:00- konkurencja l\u0105dowa\u0144<\/p>\n<p><strong>05.09.2010 r. \/niedziela\/<br \/>\n<\/strong>godz. 8:30- przygotowanie sprz\u0119tu<br \/>\ngodz. 9:00- odprawa przed II konkurencj\u0105<br \/>\ngodz. 9:15- rozpocz\u0119cie II konkurencji obliczeniowej<br \/>\ngodz. 10:30-13:40- II konkurencja nawigacyjna<br \/>\ngodz. 16:00- uroczyste zako\u0144czenie zawod\u00f3w<\/p>\n<p><strong>Zapraszamy na lotnisko<\/strong><\/p>\n","protected":false},"excerpt":{"rendered":"<p>W dniach 4-5 wrze\u015bnia organizujemy X Klubowe Zawody Samolotowe o Puchar Marsza\u0142ka Wojew\u00f3dztwa Warmi\u0144sko- Mazurskiego. Planowane jest rozegranie dw\u00f3ch konkurencji nawigacyjnych oraz konkurencja l\u0105dowa\u0144. Dwuosobowe za\u0142ogi b\u0119d\u0105 mia\u0142y do oblecenia trasy o d\u0142ugo\u015bci oko\u0142o 120 km. na kt\u00f3rych trzeba odnale\u017a\u0107 sfotografowane obiekty, jak r\u00f3wnie\u017c wy\u0142o\u017cone p\u0142\u00f3cienne znaki. W konkurencji l\u0105dowa\u0144 punktowana b\u0119dzie precyzja przyziemienia samolotu [&hellip;]<\/p>\n","protected":false},"author":4,"featured_media":0,"comment_status":"closed","ping_status":"open","sticky":false,"template":"","format":"standard","meta":{"_et_pb_use_builder":"","_et_pb_old_content":"","_et_gb_content_width":""},"categories":[],"tags":[],"_links":{"self":[{"href":"http:\/\/aeroklubelblaski.pl\/index.php\/wp-json\/wp\/v2\/posts\/2097"}],"collection":[{"href":"http:\/\/aeroklubelblaski.pl\/index.php\/wp-json\/wp\/v2\/posts"}],"about":[{"href":"http:\/\/aeroklubelblaski.pl\/index.php\/wp-json\/wp\/v2\/types\/post"}],"author":[{"embeddable":true,"href":"http:\/\/aeroklubelblaski.pl\/index.php\/wp-json\/wp\/v2\/users\/4"}],"replies":[{"embeddable":true,"href":"http:\/\/aeroklubelblaski.pl\/index.php\/wp-json\/wp\/v2\/comments?post=2097"}],"version-history":[{"count":0,"href":"http:\/\/aeroklubelblaski.pl\/index.php\/wp-json\/wp\/v2\/posts\/2097\/revisions"}],"wp:attachment":[{"href":"http:\/\/aeroklubelblaski.pl\/index.php\/wp-json\/wp\/v2\/media?parent=2097"}],"wp:term":[{"taxonomy":"category","embeddable":true,"href":"http:\/\/aeroklubelblaski.pl\/index.php\/wp-json\/wp\/v2\/categories?post=2097"},{"taxonomy":"post_tag","embeddable":true,"href":"http:\/\/aeroklubelblaski.pl\/index.php\/wp-json\/wp\/v2\/tags?post=2097"}],"curies":[{"name":"wp","href":"https:\/\/api.w.org\/{rel}","templated":true}]}}