{"id":2093,"date":"2011-05-25T10:01:01","date_gmt":"2011-05-25T08:01:01","guid":{"rendered":"http:\/\/ae.napisal.pl\/?p=93"},"modified":"2011-09-19T09:04:28","modified_gmt":"2011-09-19T07:04:28","slug":"dzieciaki-w-natarciu-festyn-na-lotnisku","status":"publish","type":"post","link":"http:\/\/aeroklubelblaski.pl\/index.php\/2011\/05\/25\/dzieciaki-w-natarciu-festyn-na-lotnisku\/","title":{"rendered":"Dzieciaki w natarciu &#8211; festyn na lotnisku"},"content":{"rendered":"<p>Rycerze, Wikingowie, policjanci i \u017co\u0142nierze, a tak\u017ce wielu, wielu innych przyb\u0119dzie 28 maja (sobota) na lotnisko Aeroklubu Elbl\u0105skiego, by wzi\u0105\u0107 udzia\u0142 w festynie pn. \u201eDzieciaki w natarciu\u201d. W\u015br\u00f3d atrakcji pokazy militari\u00f3w, walki wr\u0119cz, przeja\u017cd\u017cki motocyklowe, mo\u017cliwo\u015b\u0107 zajrzenia do radiowozu, pojazdu wojskowego lub samolotu. Pocz\u0105tek zabawy o godz. 10.<\/p>\n<p>B\u0119d\u0105 wystawy modelarstwa, quady, pokaz walki wr\u0119cz, judo oraz konkursy z nagrodami. B\u0119dzie wiele atrakcji, kt\u00f3re uciesz\u0105 i ma\u0142ych i du\u017cych.. Zapraszamy serdecznie dzieciaki niepe\u0142nosprawne, bo nie ka\u017cde z nich mog\u0142o by\u0107 na lotnisku, by zobaczy\u0107 samoloty, paralotnie i r\u00f3\u017cny sprz\u0119t.<\/p>\n","protected":false},"excerpt":{"rendered":"<p>Rycerze, Wikingowie, policjanci i \u017co\u0142nierze, a tak\u017ce wielu, wielu innych przyb\u0119dzie 28 maja (sobota) na lotnisko Aeroklubu Elbl\u0105skiego, by wzi\u0105\u0107 udzia\u0142 w festynie pn. \u201eDzieciaki w natarciu\u201d. W\u015br\u00f3d atrakcji pokazy militari\u00f3w, walki wr\u0119cz, przeja\u017cd\u017cki motocyklowe, mo\u017cliwo\u015b\u0107 zajrzenia do radiowozu, pojazdu wojskowego lub samolotu. Pocz\u0105tek zabawy o godz. 10. B\u0119d\u0105 wystawy modelarstwa, quady, pokaz walki wr\u0119cz, [&hellip;]<\/p>\n","protected":false},"author":4,"featured_media":0,"comment_status":"closed","ping_status":"open","sticky":false,"template":"","format":"standard","meta":{"_et_pb_use_builder":"","_et_pb_old_content":"","_et_gb_content_width":""},"categories":[],"tags":[],"_links":{"self":[{"href":"http:\/\/aeroklubelblaski.pl\/index.php\/wp-json\/wp\/v2\/posts\/2093"}],"collection":[{"href":"http:\/\/aeroklubelblaski.pl\/index.php\/wp-json\/wp\/v2\/posts"}],"about":[{"href":"http:\/\/aeroklubelblaski.pl\/index.php\/wp-json\/wp\/v2\/types\/post"}],"author":[{"embeddable":true,"href":"http:\/\/aeroklubelblaski.pl\/index.php\/wp-json\/wp\/v2\/users\/4"}],"replies":[{"embeddable":true,"href":"http:\/\/aeroklubelblaski.pl\/index.php\/wp-json\/wp\/v2\/comments?post=2093"}],"version-history":[{"count":0,"href":"http:\/\/aeroklubelblaski.pl\/index.php\/wp-json\/wp\/v2\/posts\/2093\/revisions"}],"wp:attachment":[{"href":"http:\/\/aeroklubelblaski.pl\/index.php\/wp-json\/wp\/v2\/media?parent=2093"}],"wp:term":[{"taxonomy":"category","embeddable":true,"href":"http:\/\/aeroklubelblaski.pl\/index.php\/wp-json\/wp\/v2\/categories?post=2093"},{"taxonomy":"post_tag","embeddable":true,"href":"http:\/\/aeroklubelblaski.pl\/index.php\/wp-json\/wp\/v2\/tags?post=2093"}],"curies":[{"name":"wp","href":"https:\/\/api.w.org\/{rel}","templated":true}]}}