{"id":2089,"date":"2011-07-01T18:09:43","date_gmt":"2011-07-01T16:09:43","guid":{"rendered":"http:\/\/ae.napisal.pl\/?p=89"},"modified":"2011-09-19T09:04:33","modified_gmt":"2011-09-19T07:04:33","slug":"wakacje-na-lotnisku","status":"publish","type":"post","link":"http:\/\/aeroklubelblaski.pl\/index.php\/2011\/07\/01\/wakacje-na-lotnisku\/","title":{"rendered":"Wakacje na lotnisku"},"content":{"rendered":"<p>Aeroklub Elbl\u0105ski w ramach uzyskanej dotacji z Urz\u0119du Miejskiego w Elbl\u0105gu organizuje wypoczynek dla dzieci i m\u0142odzie\u017cy w okresie wakacji letnich.<\/p>\n<p>W zwi\u0105zku z organizacj\u0105 wypoczynku dla dzieci i m\u0142odzie\u017cy przewidujemy szereg atrakcji sportowych by ka\u017cdy z uczestnik\u00f3w m\u00f3g\u0142 co\u015b wybra\u0107 dla siebie.<br \/>\nAtrakcje:<\/p>\n<p>1. Sekcja modelarska Aeroklubu Elbl\u0105skiego &#8211; Zaj\u0119cia teoretyczne i praktyczne. Samodzielne budowanie modeli lataj\u0105cych, tworzenie modeli kartonowych oraz nauka pilota\u017cu modelami zdalnie sterowanymi. Wszystkie materia\u0142y zapenia Aeroklub Elbl\u0105ski.<\/p>\n<p>2. Sekcja szybowcowa Aeroklubu Elbl\u0105skiego.<\/p>\n<p>Zorganizowane zostan\u0105 przeloty szybowcowe za wyci\u0105gark\u0105 dla grupy dzieci, kt\u00f3ra uczestniczy w spotkaniach sekcji modelarskiej. Warunkiem dopuszczenia dziecka do lotu szybowcem jest obowi\u0105zkowa zgoda rodzica dziecka lub opiekuna prawnego wyra\u017cona na pi\u015bmie oraz obecno\u015b\u0107 rodzica, poniewa\u017c s\u0105 to osoby nieletnie. Po przedstawieniu pisemnej zgody od rodzica lub opiekuna prawnego b\u0119dzie mo\u017cliwy przelot szybowcem. Wszystkie loty szybowcowe uzale\u017cnione s\u0105 od warunk\u00f3w atmosferycznych w danym dniu. Je\u017celi oka\u017ce si\u0119, i\u017c warunki s\u0105 niekorzystne \u2013 lot szybowcem nie odb\u0119dzie si\u0119.<\/p>\n<p>Prezentacja sprz\u0119tu szybowcowego oraz samolotowego, mo\u017cliwo\u015b\u0107 zwiedzenia kabiny pilota, samolotu AN-2<\/p>\n<p>Ponadto w ramach promocji realizowanego zadania chcemy zakupi\u0107 specjalne opaski odblaskowe.<\/p>\n<p>Poniewa\u017c poprawiaj\u0105 widoczno\u015b\u0107, \u0142atwo\u015b\u0107 ich zapinania na r\u0119k\u0119 sprawia, \u017ce w kilku sekundach piesi, a szczeg\u00f3lnie dzieci, staj\u0105 si\u0119 zdecydowanie lepiej widoczni w ka\u017cdych warunkach pogodowych i pory dnia ju\u017c z odleg\u0142o\u015bci 150 metr\u00f3w , ponadto s\u0105 praktyczne \u2013 mo\u017cna je za\u0142o\u017cy\u0107 na ka\u017cdy ubi\u00f3r, poprawiaj\u0105 tak\u017ce bezpiecze\u0144stwo pieszych poruszaj\u0105cych si\u0119 na drodze. Stowarzyszenie Aeroklub Elbl\u0105ski chce by ka\u017cde dziecko b\u0119d\u0105ce uczestnikiem programu otrzyma\u0142o opask\u0119 odblaskow\u0105 tym bardziej, i\u017c jest to okres wakacyjny.<\/p>\n<p><strong>Rozpoczynamy od 1.07.2011r.- 10.07.2011r. oraz 1.08.2011r.-10.08.2011r. od godz. 10.00. Grupa liczy 10 os\u00f3b.<\/strong><\/p>\n<p>Uczestnictwo w spotkaniach jest bezp\u0142atne. Zapraszamy.<\/p>\n","protected":false},"excerpt":{"rendered":"<p>Aeroklub Elbl\u0105ski w ramach uzyskanej dotacji z Urz\u0119du Miejskiego w Elbl\u0105gu organizuje wypoczynek dla dzieci i m\u0142odzie\u017cy w okresie wakacji letnich. W zwi\u0105zku z organizacj\u0105 wypoczynku dla dzieci i m\u0142odzie\u017cy przewidujemy szereg atrakcji sportowych by ka\u017cdy z uczestnik\u00f3w m\u00f3g\u0142 co\u015b wybra\u0107 dla siebie. Atrakcje: 1. Sekcja modelarska Aeroklubu Elbl\u0105skiego &#8211; Zaj\u0119cia teoretyczne i praktyczne. Samodzielne [&hellip;]<\/p>\n","protected":false},"author":4,"featured_media":0,"comment_status":"closed","ping_status":"open","sticky":false,"template":"","format":"standard","meta":{"_et_pb_use_builder":"","_et_pb_old_content":"","_et_gb_content_width":""},"categories":[],"tags":[],"_links":{"self":[{"href":"http:\/\/aeroklubelblaski.pl\/index.php\/wp-json\/wp\/v2\/posts\/2089"}],"collection":[{"href":"http:\/\/aeroklubelblaski.pl\/index.php\/wp-json\/wp\/v2\/posts"}],"about":[{"href":"http:\/\/aeroklubelblaski.pl\/index.php\/wp-json\/wp\/v2\/types\/post"}],"author":[{"embeddable":true,"href":"http:\/\/aeroklubelblaski.pl\/index.php\/wp-json\/wp\/v2\/users\/4"}],"replies":[{"embeddable":true,"href":"http:\/\/aeroklubelblaski.pl\/index.php\/wp-json\/wp\/v2\/comments?post=2089"}],"version-history":[{"count":0,"href":"http:\/\/aeroklubelblaski.pl\/index.php\/wp-json\/wp\/v2\/posts\/2089\/revisions"}],"wp:attachment":[{"href":"http:\/\/aeroklubelblaski.pl\/index.php\/wp-json\/wp\/v2\/media?parent=2089"}],"wp:term":[{"taxonomy":"category","embeddable":true,"href":"http:\/\/aeroklubelblaski.pl\/index.php\/wp-json\/wp\/v2\/categories?post=2089"},{"taxonomy":"post_tag","embeddable":true,"href":"http:\/\/aeroklubelblaski.pl\/index.php\/wp-json\/wp\/v2\/tags?post=2089"}],"curies":[{"name":"wp","href":"https:\/\/api.w.org\/{rel}","templated":true}]}}