{"id":2001,"date":"2011-09-14T22:45:49","date_gmt":"2011-09-14T20:45:49","guid":{"rendered":"http:\/\/ae.napisal.pl\/?p=1"},"modified":"2011-09-19T13:58:11","modified_gmt":"2011-09-19T11:58:11","slug":"wyniki-xi-klubowych-zawodow-nawigacyjnych","status":"publish","type":"post","link":"http:\/\/aeroklubelblaski.pl\/index.php\/2011\/09\/14\/wyniki-xi-klubowych-zawodow-nawigacyjnych\/","title":{"rendered":"Wyniki XI Klubowych Zawod\u00f3w Nawigacyjnych"},"content":{"rendered":"<p><a href=\"http:\/\/ae.napisal.pl\/wp-content\/uploads\/2011\/09\/20110914224719ld.jpg\"><img loading=\"lazy\" class=\"alignleft size-medium wp-image-9\" title=\"wyniki\" src=\"http:\/\/ae.napisal.pl\/wp-content\/uploads\/2011\/09\/20110914224719ld-212x300.jpg\" alt=\"\" width=\"212\" height=\"300\" \/><\/a>W pierwszy weekend wrze\u015bnia rozegrali\u015bmy XI Klubowe Zawody Nawigacyjne o Puchar Prezydenta Miasta Elbl\u0105ga.<\/p>\n<p>Kierownikiem Zawod\u00f3w by\u0142 Dariusz Brzykcy.<br \/>\nPatronat honorowy nad zawodami obj\u0105\u0142 Prezydent Miasta Elbl\u0105ga.<\/p>\n<p>Pierwsza trasa nawigacyjna bieg\u0142a po Wysoczy\u017anie Elbl\u0105skiej, natomiast druga poprzez \u017bu\u0142awy Wi\u015blane do uj\u015bcia Wis\u0142y a nast\u0119pnie brzegiem morza i w pobli\u017cu Zalewu Wi\u015blanego.<\/p>\n<p>Za\u0142ogi musia\u0142y dokona\u0107 precyzyjnie oblicze\u0144 nawigacyjnych a w czasie lotu do rozpoznania by\u0142o osiem obiekt\u00f3w ze zdj\u0119\u0107, oraz nale\u017ca\u0142o odnale\u017a\u0107 znaki p\u0142\u00f3cienne roz\u0142o\u017cone w terenie. Odby\u0142a si\u0119 r\u00f3wnie\u017c konkurencja na celno\u015b\u0107 l\u0105dowania.<\/p>\n<p>Po zsumowaniu punkt\u00f3w kolejno\u015b\u0107 miejsc przedstawia\u0142a si\u0119 nast\u0119puj\u0105co:<\/p>\n<ol>\n<li>K\u0119dzierski Dariusz, Stefa\u0144ski Andrzej &#8211; 3XTrim<\/li>\n<li>Koper Piotr , Kna\u015b S\u0142awomir &#8211; 3XTrim<\/li>\n<li>D\u0105bkowski Grzegorz, Wensker Grzegorz &#8211; Cessna 150<\/li>\n<li>Knyszewski Leszek, \u017burawiecki Marcin &#8211; Zenair CH 701<\/li>\n<li>P\u0142ocke Monika, P\u0142ocke Tomasz &#8211; Cessna 172<\/li>\n<li>Szurgot Mieczys\u0142aw, P\u0119dziak Zbigniew &#8211; Golf<\/li>\n<li>Sebastian Jab\u0142o\u0144ski, Kothlas Ma\u0142gorzata &#8211; Cessna 150<\/li>\n<li>Raty\u0144ski Waldemar, Raty\u0144ski Artur &#8211;\u00a0 Topaz<\/li>\n<\/ol>\n<div>Relacja zawodnika na stronie\u00a0<a href=\"http:\/\/airport.gdynia.pl\/general-aviation\/branza\/po-zawodach-czyli-co-warto-wiedziec-o-lataniu-precyzyjnym\">http:\/\/airport.gdynia.pl\/general-aviation\/branza\/po-zawodach-czyli-co-warto-wiedziec-o-lataniu-precyzyjnym<\/a><\/div>\n","protected":false},"excerpt":{"rendered":"<p>W pierwszy weekend wrze\u015bnia rozegrali\u015bmy XI Klubowe Zawody Nawigacyjne o Puchar Prezydenta Miasta Elbl\u0105ga. Kierownikiem Zawod\u00f3w by\u0142 Dariusz Brzykcy. Patronat honorowy nad zawodami obj\u0105\u0142 Prezydent Miasta Elbl\u0105ga. Pierwsza trasa nawigacyjna bieg\u0142a po Wysoczy\u017anie Elbl\u0105skiej, natomiast druga poprzez \u017bu\u0142awy Wi\u015blane do uj\u015bcia Wis\u0142y a nast\u0119pnie brzegiem morza i w pobli\u017cu Zalewu Wi\u015blanego. Za\u0142ogi musia\u0142y dokona\u0107 precyzyjnie [&hellip;]<\/p>\n","protected":false},"author":4,"featured_media":9,"comment_status":"closed","ping_status":"open","sticky":false,"template":"","format":"standard","meta":{"_et_pb_use_builder":"","_et_pb_old_content":"","_et_gb_content_width":""},"categories":[],"tags":[],"_links":{"self":[{"href":"http:\/\/aeroklubelblaski.pl\/index.php\/wp-json\/wp\/v2\/posts\/2001"}],"collection":[{"href":"http:\/\/aeroklubelblaski.pl\/index.php\/wp-json\/wp\/v2\/posts"}],"about":[{"href":"http:\/\/aeroklubelblaski.pl\/index.php\/wp-json\/wp\/v2\/types\/post"}],"author":[{"embeddable":true,"href":"http:\/\/aeroklubelblaski.pl\/index.php\/wp-json\/wp\/v2\/users\/4"}],"replies":[{"embeddable":true,"href":"http:\/\/aeroklubelblaski.pl\/index.php\/wp-json\/wp\/v2\/comments?post=2001"}],"version-history":[{"count":0,"href":"http:\/\/aeroklubelblaski.pl\/index.php\/wp-json\/wp\/v2\/posts\/2001\/revisions"}],"wp:featuredmedia":[{"embeddable":true,"href":"http:\/\/aeroklubelblaski.pl\/index.php\/wp-json\/wp\/v2\/media\/9"}],"wp:attachment":[{"href":"http:\/\/aeroklubelblaski.pl\/index.php\/wp-json\/wp\/v2\/media?parent=2001"}],"wp:term":[{"taxonomy":"category","embeddable":true,"href":"http:\/\/aeroklubelblaski.pl\/index.php\/wp-json\/wp\/v2\/categories?post=2001"},{"taxonomy":"post_tag","embeddable":true,"href":"http:\/\/aeroklubelblaski.pl\/index.php\/wp-json\/wp\/v2\/tags?post=2001"}],"curies":[{"name":"wp","href":"https:\/\/api.w.org\/{rel}","templated":true}]}}